{"id":12282,"date":"2022-12-15T06:57:15","date_gmt":"2022-12-15T06:57:15","guid":{"rendered":"http:\/\/edition-weissenburg.de\/blog\/?p=12282"},"modified":"2022-12-15T06:57:46","modified_gmt":"2022-12-15T06:57:46","slug":"353-unterwegs-nach-luzern-brief-an-lucilius-13","status":"publish","type":"post","link":"https:\/\/edition-weissenburg.de\/blog\/?p=12282&lang=de","title":{"rendered":"353 Unterwegs nach Luzern Brief an Lucilius 13"},"content":{"rendered":"\n\n<p><span style=\"font-size: inherit;\">\u00dcber Popmusik<\/span><\/p>\n<p>Du bist unterwegs nach Luzern. Damit Dir die Reise nicht zu langweilig wird, sende ich Dir diesen Hit aus der aktuellen Pop-HitParade f\u00fcr deine private Playlist, auch zum Tanzen, damit du nicht zu einseitig wirst. \ud83d\ude09<\/p>\n<p>Es ist ein Elektropop St\u00fcck mit einer typisch modalen Kadenz, wie ich sie mehr oder weniger verschl\u00fcsselt immer wieder auch in meiner Musik verwende. Weshalb diese Musik bei der Jugend, sofern sie durch gro\u00dfb\u00fcrgerliches Gehabe oder autorit\u00e4re Indoktrination nicht vorbelastet ist, so gut ankommt.<\/p>\n<p>Die alte Kadenz Tonika(T), S, D einschlie\u00dflich \u201eDissonanzen\u201c wie Septimen oder Nonen meidet die Popmusik wie der Teufel das Weihwasser, um nicht in die Schlager-Ecke gedr\u00e4ngt zu werden. Stattdessen gibt es im beigef\u00fcgten Beispiel jetzt nur eine modale Harmonik mit aufsteigenden Quinten im Bass, in diesem Fall g-Moll, d-Moll (Moll-Dominante!), F-Dur, C-Dur. Moll-Dominanten waren \u00fcber Jahrhunderte in der Harmonielehre verboten, ebenso wie die R\u00fcckungen S nach D statt S vor D in der Kadenz, wie sie in fast jedem Rock\u2018n\u2018Roll-Hit vorkommen. Sogar im l\u00e4rmenden Satz meiner Geigensonate, die jetzt von den beiden russischen Musikern Oganes Arustamov und Evgeny Alexeev wieder einstudiert wird.<\/p>\n<p>Du wirst auch in meiner Musik keine Septimen oder Nonen finden, geschweige denn die urspr\u00fcnglich alte traditionelle Kadenz C Dur- F Dur- G Dur- C Dur oder in Moll t,s,D, t\u2026<br>Ich wei\u00df nicht, ob Du diese hierzulande verwendete Schreibweise nach Riehmann kennst. Ich musste in der Harmonielehre-Pr\u00fcfung einen Bach-Choral harmonisieren nach den Regeln der Kunst, also Parallen und R\u00fcckungen, wie sie ganz sp\u00e4t erst die Impressionisten eingef\u00fchrt haben, waren streng verboten -Pr\u00fcfung nicht bestanden!<\/p>\n<p>Von dieser strengen Schule auch der Kontrapunkt-Lehre \u00fcbernehme ich sehr gerne jedoch seit einiger Zeit den Grundsatz, dass jede Stimme in der Begleitung der Melodie eigenst\u00e4ndig und sch\u00f6n sein muss und Gegenbewegung angestrebt werden soll.<\/p>\n<p>Ich muss bei diesem Popsong, sobald ich ihn h\u00f6re im Radio oder sonstwo, immer wieder an dich denken.Ich wei\u00df nicht, ob der Text zu deinem Leben passt, vielleicht eher nein. Aber die Grundfrage des Liedes \u201eAre We Young Right Now?\u201c bleibt doch immer g\u00fcltig in vielen Lebens-Abschnitten.<\/p>\n<p>Mich selbst wage ich nicht zu befragen: \u201eAre we Old Right Now?\u201c, obwohl das doch genau mein Thema schon die letzte Zeit ist, wo der allm\u00e4hliche Abbau sogar wichtiger Funktionen des K\u00f6rpers immer mehr einsetzt und mich erschreckt.<\/p>\n<p>Ich schreibe diese Zeilen eher f\u00fcr mich. Du brauchst sie weder zu lesen noch darauf zu reagieren. Was nicht ausschlie\u00dft, dass ich gerne bereit bin, gewisse Punkte mit dir zu besprechen. Immer wieder mit der Devise meines so sehr gesch\u00e4tzten langj\u00e4hrigen Philosophie-Professors und -Mentors Karl Otto Apel: Denken und reden will ich \u00fcber ein Leben, wie es ist, sein k\u00f6nnte oder sein sollte.<br>Das gilt nicht nur f\u00fcr die Kunst, sondern f\u00fcr das private Leben ebenso.<\/p>\n<p>So viel f\u00fcr heute und viele Gr\u00fc\u00dfe!<br>Reinhold Urmetzer<\/p>\n<p><b>Young Right Now\/ Robin Schulz<\/b><\/p><a class=\"synved-social-button synved-social-button-share synved-social-size-48 synved-social-resolution-single synved-social-provider-twitter nolightbox\" data-provider=\"twitter\" target=\"_blank\" rel=\"nofollow\" title=\"Share on Twitter\" href=\"https:\/\/twitter.com\/intent\/tweet?url=https%3A%2F%2Fedition-weissenburg.de%2Fblog&#038;text=Ein%20neuer%20Beitrag%20ist%20da%21%20\" style=\"font-size: 0px;width:48px;height:48px;margin:0;margin-bottom:5px;margin-right:5px\"><img loading=\"lazy\" decoding=\"async\" alt=\"twitter\" title=\"Share on Twitter\" class=\"synved-share-image synved-social-image synved-social-image-share\" width=\"48\" height=\"48\" style=\"display: inline;width:48px;height:48px;margin: 0;padding: 0;border: none;box-shadow: none\" src=\"https:\/\/i1.wp.com\/edition-weissenburg.de\/blog\/wp-content\/plugins\/social-media-feather\/synved-social\/image\/social\/regular\/96x96\/twitter.png?resize=48%2C48&#038;ssl=1\" data-recalc-dims=\"1\" \/><\/a><a class=\"synved-social-button synved-social-button-share synved-social-size-48 synved-social-resolution-single synved-social-provider-mail nolightbox\" data-provider=\"mail\" rel=\"nofollow\" title=\"Share by email\" href=\"mailto:?subject=353%20Unterwegs%20nach%20Luzern%20Brief%20an%20Lucilius%2013&#038;body=Ein%20neuer%20Beitrag%20ist%20da%21%20:%20https%3A%2F%2Fedition-weissenburg.de%2Fblog\" style=\"font-size: 0px;width:48px;height:48px;margin:0;margin-bottom:5px\"><img loading=\"lazy\" decoding=\"async\" alt=\"mail\" title=\"Share by email\" class=\"synved-share-image synved-social-image synved-social-image-share\" width=\"48\" height=\"48\" style=\"display: inline;width:48px;height:48px;margin: 0;padding: 0;border: none;box-shadow: none\" src=\"https:\/\/i0.wp.com\/edition-weissenburg.de\/blog\/wp-content\/plugins\/social-media-feather\/synved-social\/image\/social\/regular\/96x96\/mail.png?resize=48%2C48&#038;ssl=1\" data-recalc-dims=\"1\" \/><\/a>","protected":false},"excerpt":{"rendered":"<p>\u00dcber Popmusik Du bist unterwegs nach Luzern. Damit Dir die Reise nicht zu langweilig wird, sende ich Dir diesen Hit aus der aktuellen Pop-HitParade f\u00fcr deine private Playlist, auch zum Tanzen, damit du nicht zu einseitig wirst. \ud83d\ude09 Es ist ein Elektropop St\u00fcck mit einer typisch modalen Kadenz, wie ich sie mehr oder weniger verschl\u00fcsselt immer wieder auch in meiner&#46;&#46;&#46;<\/p>\n","protected":false},"author":2,"featured_media":0,"comment_status":"open","ping_status":"open","sticky":false,"template":"","format":"standard","meta":{"spay_email":"","footnotes":""},"categories":[466],"tags":[],"class_list":["post-12282","post","type-post","status-publish","format-standard","hentry","category-allgemein-de"],"jetpack_featured_media_url":"","jetpack_shortlink":"https:\/\/wp.me\/p4WFkG-3c6","jetpack_sharing_enabled":true,"_links":{"self":[{"href":"https:\/\/edition-weissenburg.de\/blog\/index.php?rest_route=\/wp\/v2\/posts\/12282"}],"collection":[{"href":"https:\/\/edition-weissenburg.de\/blog\/index.php?rest_route=\/wp\/v2\/posts"}],"about":[{"href":"https:\/\/edition-weissenburg.de\/blog\/index.php?rest_route=\/wp\/v2\/types\/post"}],"author":[{"embeddable":true,"href":"https:\/\/edition-weissenburg.de\/blog\/index.php?rest_route=\/wp\/v2\/users\/2"}],"replies":[{"embeddable":true,"href":"https:\/\/edition-weissenburg.de\/blog\/index.php?rest_route=%2Fwp%2Fv2%2Fcomments&post=12282"}],"version-history":[{"count":6,"href":"https:\/\/edition-weissenburg.de\/blog\/index.php?rest_route=\/wp\/v2\/posts\/12282\/revisions"}],"predecessor-version":[{"id":12561,"href":"https:\/\/edition-weissenburg.de\/blog\/index.php?rest_route=\/wp\/v2\/posts\/12282\/revisions\/12561"}],"wp:attachment":[{"href":"https:\/\/edition-weissenburg.de\/blog\/index.php?rest_route=%2Fwp%2Fv2%2Fmedia&parent=12282"}],"wp:term":[{"taxonomy":"category","embeddable":true,"href":"https:\/\/edition-weissenburg.de\/blog\/index.php?rest_route=%2Fwp%2Fv2%2Fcategories&post=12282"},{"taxonomy":"post_tag","embeddable":true,"href":"https:\/\/edition-weissenburg.de\/blog\/index.php?rest_route=%2Fwp%2Fv2%2Ftags&post=12282"}],"curies":[{"name":"wp","href":"https:\/\/api.w.org\/{rel}","templated":true}]}}