{"id":3329,"date":"2014-11-05T09:30:35","date_gmt":"2014-11-05T09:30:35","guid":{"rendered":"http:\/\/edition-weissenburg.de\/blog\/?p=3329"},"modified":"2022-10-02T18:09:12","modified_gmt":"2022-10-02T18:09:12","slug":"109-lektuere","status":"publish","type":"post","link":"https:\/\/edition-weissenburg.de\/blog\/?p=3329&lang=de","title":{"rendered":"109 Lekt\u00fcre-Liste"},"content":{"rendered":"<p>Lekt\u00fcre-Verzeichnis<\/p>\n<p>Im Folgenden stelle ich auf besonderen Wunsch meine B\u00fccher vor, die im Handel erh\u00e4ltlich sind. Zeitungs- und Zeitschriftenartikel sind ebenfalls &#8211; auch weiter zur\u00fcck liegende &#8211; in den Universit\u00e4tsbibliotheken nachzulesen.<\/p>\n<p>Wer die B\u00fccher bei Alexey Chibakov im Verlag direkt bestellen und die Verlagsarbeit\u00a0 damit unterst\u00fctzen will (<a href=\"mailto:mail@edition.weissenburg.de\">mail@edition.weissenburg.de<\/a>), erh\u00e4lt ein Hand signiertes Exemplar.<\/p>\n<p>1.\u201e<strong>Wolfgang Rihm<\/strong>\u201c &#8211; Mein erstes Buch \u00fcberhaupt mit und \u00fcber den erfolgreichen Komponisten. Der erste Teil enth\u00e4lt einen Essay mit weniger fachwissenschaftlich als mehr literarisch orientierten Analysen von Rihms Musik. Er bem\u00fcht sich, den ungew\u00f6hnlichen Stil der franz\u00f6sischen Vorbilder zu treffen (ich stand noch ganz am Beginn meiner schriftstellerischen Laufbahn). Im zweiten Teil ein Gespr\u00e4ch mit dem Komponisten, sehr delirierend, manchmal fast schon surreal und \u00a0auch poetisch. Damit befasst sich sogar bereits eine Dissertation in englischer Sprache (\u201edie beiden Freunde\u2026\u201c).<\/p>\n<p>2.\u201e<strong>\u00c4sthetik Band 1-3<\/strong>\u201c \u2013 \u201ePhotobuch\u201c, \u201eKunstbuch\u201c, \u201eMusikbuch\u201c. Drei auch sprachlich schwergewichtige B\u00fccher, die sich nicht im philosophischen Sinne mit \u00c4sthetik befassen, sondern die\u00a0<em>meine \u00e4sthetischen Pr\u00e4missen bereits in den drei B\u00fcchern verarbeitet, implementiert haben<\/em>. Die Sprache ist fast immer literarisch, stellenweise unverst\u00e4ndlich-delirierend (sogar f\u00fcr mich), hermetisch und \u201epostmodern\u201c. Vielleicht werden die drei B\u00e4nde zusammen gefasst einmal nur in einem Band erscheinen.<\/p>\n<p>Zum Musikbuch gibt es Kritiken und Reaktionen (meist in Briefform an mich) u.a. von dem Literaturwissenschaftler <span style=\"text-decoration: underline;\">Heinz Schlaffer<\/span> oder von\u00a0<span style=\"text-decoration: underline;\">Wolfgang Rihm<\/span>. Der Schriftsteller <span style=\"text-decoration: underline;\">Ludwig Harig<\/span>\u00a0(aus dem Hei\u00dfenb\u00fcttel-Umkreis) \u00e4u\u00dfert sich zum Kapitel &#8220;Das Tanzen&#8221; im \u201e<em>Musikbuch\u201c\u00a0<\/em>: &#8220;Es gibt f\u00fcr mich nichts Sch\u00f6neres als mit der Sinnlosigkeit zu spielen&#8221;. Eine sehr ausf\u00fchrliche Rezension des FAZ-Schreibers \u00a0<span style=\"text-decoration: underline;\">Werner Grimmel<\/span> findet sich im Begleittext zum \u201e<em>Musikbuch<\/em>\u201c bei Amazon.<\/p>\n<p>Die von den Universit\u00e4tsbibliotheken Stuttgart und Karlsruhe angeforderten sch\u00f6n gestalteten Hardcover-B\u00e4nde sind auch dort zu finden. Im Handel sind sie fast so teuer schon wie B\u00fccher allgemein in England.<\/p>\n<p>3.\u201e<strong>Das Auge des Adlers. \u00dcber Thomas von Aquin<em>\u201c<\/em><\/strong>\u00a0&#8211; Ein Buch \u00fcber den Hof-Philosophen der katholischen Kirche bis auf den heutigen Tag. Auch in diesem Text setze ich gezielt eine von den Franzosen \u00fcbernommene Technik der Zweiteilung des Textes auf einer Seite ein: Im oberen Teil geht es um philosophische Themen Thomas von Aquins. Der untere zweite Teil der Seite bringt eine sehr subjektiv gehaltene Bildinterpretation, die ich \u00fcber die Grafiken von <span style=\"text-decoration: underline;\">Albrecht Fendrich<\/span> geschrieben habe und die etliche Seiten des Buches schm\u00fccken. Titel: \u201e\u00dcber das Wei\u00dfe\u201c. Viele Bilder des Malers, die sich alle auf <span style=\"text-decoration: underline;\">Giotto<\/span> beziehen, verlieren sich n\u00e4mlich ganz im Wei\u00df und werden schlie\u00dflich nicht mehr erkennbar oder sogar abstrakt.<\/p>\n<p>4.\u201e<strong>\u00dcber die Sinnfrage<\/strong>\u201c \u2013 Mein bislang erfolgreichstes Buch \u00a0im Sinne von am meisten verkauft, das auch schon von einem Gesch\u00e4ft in Z\u00fcrich bestellt worden ist. Eine Einf\u00fchrung ins Philosophieren, wenn man so will, aber eher journalistisch geschrieben und mit vielen Exkursen und Zitaten aus dem weiten Feld der Philosophie. Auch f\u00fcr die Jugend geeignet.<\/p>\n<p>5.\u201e<strong>Tipasa<\/strong>\u201c \u2013 Meine bislang sch\u00f6nste Publikation mit ganzseitigen Gem\u00e4lde-Abbildungen von Karin Geschke (\u201ePoetische Abstraktion\u201c), hermetischen Gedichten meinerseits \u00fcber <em>Edmond Jab\u00e8s<\/em> und einem Essay \u00fcber <em>Camus Sehnsucht<\/em> nach seiner Heimatstadt im franco-arabischen Algerien. Der Hardcover-Band eignet sich gut zum Verschenken.<\/p>\n<p>6. \u201e<strong>Drei Popsongs \u00fcber die Begegnung der Geschlechter<\/strong>\u201c \u2013 Ein recht \u00fcberm\u00fctig und ironisch, meist auch journalistisch geschriebenes Buch \u00fcber nur zwei(!) Popsongs von <span style=\"text-decoration: underline;\">Enrique<\/span> <span style=\"text-decoration: underline;\">Iglesias<\/span> und <span style=\"text-decoration: underline;\">Robbie Williams<\/span>, den Geschlechterkampf und ob Iglesias nicht doch eher die schwule Liebe in seinem Song gemeint hat (wer dringt in wen ein). &#8211; Mit dem Neben-Ergebnis, dass ich tiefgr\u00fcndigst in mich selbst gegangen bin, ob ich nicht vielleicht doch auch eine homosexuelle Ader besitze. Eher schon, aber wer wei\u00df das alles heutzutage in unseren bewegten Zeiten so genau zu orten und festzustellen.<\/p>\n<p>7.\u201e<strong>Landschaft mit Martyrium der hl. Katharina<\/strong>\u201c \u2013 Mein Lieblingsbuch. Einerseits eine leicht lesbare Erinnerung an den spanischen <span style=\"text-decoration: underline;\">Jakobsweg<\/span>. Andererseits die hermetische Beschreibung der Begegnung zweier junger Menschen auf dieser Pilgerreise, denen ich Worte von Maurice Blanchot in den Mund gelegt habe, die mich faszinierten. Worte, S\u00e4tze, die einfach und schwer zugleich sind: \u201eMache, dass ich zu dir sprechen kann!\u201c \u2013 Was f\u00fcr eine Vermessenheit! \u2013 Ein kleines feines B\u00fcchlein, das ich auch wegen seiner Gestaltung mit Hardcover und B\u00e4ndchen liebe und das man willk\u00fcrlich aufschlagen und lesen kann, wo immer man will. Wenige Seiten pro Sitzung m\u00f6gen vielleicht sogar gen\u00fcgen.<\/p>\n<p>8.\u201e<strong>\u00dcber<\/strong> <strong>Liebe und Lust<\/strong>\u201c(noch nicht ver\u00f6ffentlicht) \u2013 Das Buch greift Ideen des Popsong-Buches auf, ist aber in seiner Vielfalt und Heterogenit\u00e4t komplexer und disparater. Es beschreibt die Thematik des Geschlechterkampfes aus der Sicht des Mannes jetzt, am Ende des Feminismus, vergleicht sie mit antiken Lebensformen und enth\u00e4lt als zweite Ebene ein (pseudo-)biografisches Outing, das man mir nicht glauben wird und das man auch gar nicht zu glauben braucht.<\/p>\n<p><span style=\"text-decoration: underline;\">Die Arbeit an diesem Buch liegt mittlerweile auf Eis,<\/span>\u00a0auch wenn Claudia Gehrke vom T\u00fcbinger Konkursbuch-Verlag sich daf\u00fcr interessiert hat. Die Thematik flie\u00dft \u00a0jedoch in viele Blog-Aufs\u00e4tze mit ein, insbesondere unter den Schlagworten Gender\/Gesellschaft, Politik und Sexualit\u00e4t.<\/p>\n<p>9. Ebenfalls <em>in statu nascendi<\/em> ist die Sammlung mit <span style=\"text-decoration: underline;\">Prosagedichten<\/span> aus drei Lebensalters-Abschnitten einschlie\u00dflich der RAF-Zeit in Stuttgart(\u201e<strong>Abfahrende Schiffe<\/strong>\u201c). Sie erscheint parallel zu der CD-Produktion meiner \u201eSonate f\u00fcr Geige und Klavier\u201c. Die Komposition stammt aus der gleichen Zeit und erlebt gegenw\u00e4rtig wieder im Studio der Musikhochschule Stuttgart eine Neueinstudierung. Mittlerweile ist dies sogar schon die vierte Interpretation des Werkes durch wechselnde Solisten. Mao Zhao, Peking (Geige) und Albertina Enju Song, Seoul (Klavier) haben sich neu an das schwer gewichtige drei\u00dfig Minuten lange Werk heran gewagt. &#8211; Gelegentlich komponiere ich, um meine geistigen Ideen <em>praktisch<\/em>, das hei\u00dft auch <em>k\u00f6rperlich<\/em> werden zu lassen. Au\u00dferdem mag ich sehr die Arbeit mit jungen Menschen und den Kontakt mit einem Publikum.<\/p>\n<p><span style=\"text-decoration: underline;\">Dieser Gedichtband ist mittlerweile ebenso wie die CD erschienen<\/span> und wie alle anderen Werke von mir (auch Musik und Musikgrafiken) bei Alexey Chibakov in der <em>edition weissenburg<\/em>\u00a0in Weissach erh\u00e4ltlich. Das Buch kostet im Handel 16,99.- Davon erhalte ich nur 1,68.- pro Band. Beim Kauf in der <em>edw<\/em> erhalte ich 8.- und ihr noch eine Unterschrift bzw. Widmung von mir dazu.<\/p>\n<p>10. <strong>&#8220;Zeitenwende&#8221; <\/strong>ist in Zusammenhang mit der Mail\u00e4nder Weltausstellung Expo 2015 entstanden. Ein sch\u00f6n gestaltetes <span style=\"text-decoration: underline;\">Kunstbuch<\/span> zusammen mit <strong>Maria Grazia\u00a0<\/strong><b>Sacchitellis <\/b>Grafiken, Collagen und Zeichnungen, das die letzten drei Kapitel des IV.Teils der &#8220;Abfahrenden Schiffe&#8221;(s.o.Nr.9) illustriert, erg\u00e4nzt, weiter f\u00fchrt. &#8211; Teuer, aber durchaus neuartig im interpretatorischen Ansatz einer Verbindung von Kunst und Poesie.<\/p>\n<p>11. <strong>&#8220;Vom Wiederfinden&#8221;-<\/strong>\u00a0Gleiches gilt auch f\u00fcr das zusammen mit <strong>Marianne Pape<\/strong> gestaltete Werk. Es besch\u00e4ftigt sich mit den drei ersten Kapiteln des IV.Teils des oben genannten Gedichtbandes. Fast schon antithetisch zur &#8220;Zeitenwende&#8221;im gestalterischen Ansatz, in meinem Sinne verstanden <span style=\"text-decoration: underline;\">komplement\u00e4r<\/span>, erforscht dieses Buch manchmal auf r\u00e4tselhafte Weise ebenfalls meine Texte. Die vom Gestalter und Buchmacher mit eingebrachten Ans\u00e4tze eines \u201eRadikal-Designs\u201c, welches mit Fehlern und Unvollkommenheiten spielt (wie gegenw\u00e4rtig auch manche Modemacher, wenn sie wieder L\u00f6cher und Flecken in ihre hochpreisige Kleidung einbauen), gef\u00e4llt mir ausnehmend gut und macht das opulente und gro\u00df formatige Werk ebenfalls neuartig. Wie alle Kunstb\u00fccher gegenw\u00e4rtig leider ebenfalls sehr teuer.<\/p>\n<p style=\"text-align: center;\"><strong>*<\/strong><\/p>\n<p>Genug der \u00a0Werbung \u00a0jetzt in eigener Sache. Aber es musste einmal gesagt sein. F\u00fcr die Fortschrittlichen unter euch (Entschuldigung) gibt es die B\u00e4nde 4, 5, 6, 8 und 10 in einer E-Book-Version. Nicht jedoch Band 9. Diesen Gedichtband m\u00fcsst ihr in H\u00e4nden haltend hegen und pflegen(uff, was wieder f\u00fcr eine Formulierung!)<\/p>\n<a class=\"synved-social-button synved-social-button-share synved-social-size-48 synved-social-resolution-single synved-social-provider-twitter nolightbox\" data-provider=\"twitter\" target=\"_blank\" rel=\"nofollow\" title=\"Share on Twitter\" href=\"https:\/\/twitter.com\/intent\/tweet?url=https%3A%2F%2Fedition-weissenburg.de%2Fblog&#038;text=Ein%20neuer%20Beitrag%20ist%20da%21%20\" style=\"font-size: 0px;width:48px;height:48px;margin:0;margin-bottom:5px;margin-right:5px\"><img loading=\"lazy\" decoding=\"async\" alt=\"twitter\" title=\"Share on Twitter\" class=\"synved-share-image synved-social-image synved-social-image-share\" width=\"48\" height=\"48\" style=\"display: inline;width:48px;height:48px;margin: 0;padding: 0;border: none;box-shadow: none\" src=\"https:\/\/i1.wp.com\/edition-weissenburg.de\/blog\/wp-content\/plugins\/social-media-feather\/synved-social\/image\/social\/regular\/96x96\/twitter.png?resize=48%2C48&#038;ssl=1\" data-recalc-dims=\"1\" \/><\/a><a class=\"synved-social-button synved-social-button-share synved-social-size-48 synved-social-resolution-single synved-social-provider-mail nolightbox\" data-provider=\"mail\" rel=\"nofollow\" title=\"Share by email\" href=\"mailto:?subject=109%20Lekt%C3%BCre-Liste&#038;body=Ein%20neuer%20Beitrag%20ist%20da%21%20:%20https%3A%2F%2Fedition-weissenburg.de%2Fblog\" style=\"font-size: 0px;width:48px;height:48px;margin:0;margin-bottom:5px\"><img loading=\"lazy\" decoding=\"async\" alt=\"mail\" title=\"Share by email\" class=\"synved-share-image synved-social-image synved-social-image-share\" width=\"48\" height=\"48\" style=\"display: inline;width:48px;height:48px;margin: 0;padding: 0;border: none;box-shadow: none\" src=\"https:\/\/i0.wp.com\/edition-weissenburg.de\/blog\/wp-content\/plugins\/social-media-feather\/synved-social\/image\/social\/regular\/96x96\/mail.png?resize=48%2C48&#038;ssl=1\" data-recalc-dims=\"1\" \/><\/a>","protected":false},"excerpt":{"rendered":"<p>Lekt\u00fcre-Verzeichnis Im Folgenden stelle ich auf besonderen Wunsch meine B\u00fccher vor, die im Handel erh\u00e4ltlich sind. Zeitungs- und Zeitschriftenartikel sind ebenfalls &#8211; auch weiter zur\u00fcck liegende &#8211; in den Universit\u00e4tsbibliotheken nachzulesen. Wer die B\u00fccher bei Alexey Chibakov im Verlag direkt bestellen und die Verlagsarbeit\u00a0 damit unterst\u00fctzen will (mail@edition.weissenburg.de), erh\u00e4lt ein Hand signiertes Exemplar. 1.\u201eWolfgang Rihm\u201c &#8211; Mein erstes Buch \u00fcberhaupt&#46;&#46;&#46;<\/p>\n","protected":false},"author":2,"featured_media":0,"comment_status":"open","ping_status":"open","sticky":false,"template":"","format":"standard","meta":{"spay_email":"","footnotes":""},"categories":[466,474],"tags":[926,928,930,932,934,936,938,1470,1436,1406,940,942,944,946,526],"class_list":["post-3329","post","type-post","status-publish","format-standard","hentry","category-allgemein-de","category-literatur-de","tag-albrecht-fendrich-de","tag-blanchot-de","tag-enrique-iglesias-de","tag-grimmel-de","tag-harig-de","tag-jabes-de","tag-jakobsweg-de","tag-lektuere-verzeichnis","tag-maria-grazia-sacchitelli","tag-marianne-pape","tag-prosagedichte-de","tag-rihm-de","tag-robbie-williams-de","tag-schlaffer-de","tag-thomas-von-aquin-de"],"jetpack_featured_media_url":"","jetpack_shortlink":"https:\/\/wp.me\/p4WFkG-RH","jetpack_sharing_enabled":true,"_links":{"self":[{"href":"https:\/\/edition-weissenburg.de\/blog\/index.php?rest_route=\/wp\/v2\/posts\/3329"}],"collection":[{"href":"https:\/\/edition-weissenburg.de\/blog\/index.php?rest_route=\/wp\/v2\/posts"}],"about":[{"href":"https:\/\/edition-weissenburg.de\/blog\/index.php?rest_route=\/wp\/v2\/types\/post"}],"author":[{"embeddable":true,"href":"https:\/\/edition-weissenburg.de\/blog\/index.php?rest_route=\/wp\/v2\/users\/2"}],"replies":[{"embeddable":true,"href":"https:\/\/edition-weissenburg.de\/blog\/index.php?rest_route=%2Fwp%2Fv2%2Fcomments&post=3329"}],"version-history":[{"count":42,"href":"https:\/\/edition-weissenburg.de\/blog\/index.php?rest_route=\/wp\/v2\/posts\/3329\/revisions"}],"predecessor-version":[{"id":12403,"href":"https:\/\/edition-weissenburg.de\/blog\/index.php?rest_route=\/wp\/v2\/posts\/3329\/revisions\/12403"}],"wp:attachment":[{"href":"https:\/\/edition-weissenburg.de\/blog\/index.php?rest_route=%2Fwp%2Fv2%2Fmedia&parent=3329"}],"wp:term":[{"taxonomy":"category","embeddable":true,"href":"https:\/\/edition-weissenburg.de\/blog\/index.php?rest_route=%2Fwp%2Fv2%2Fcategories&post=3329"},{"taxonomy":"post_tag","embeddable":true,"href":"https:\/\/edition-weissenburg.de\/blog\/index.php?rest_route=%2Fwp%2Fv2%2Ftags&post=3329"}],"curies":[{"name":"wp","href":"https:\/\/api.w.org\/{rel}","templated":true}]}}