{"id":6210,"date":"2016-06-26T08:52:09","date_gmt":"2016-06-26T08:52:09","guid":{"rendered":"http:\/\/edition-weissenburg.de\/blog\/?p=6210"},"modified":"2016-07-12T19:44:01","modified_gmt":"2016-07-12T19:44:01","slug":"227-wieder-gelesen-von-wahrheit-und-wissenschaft","status":"publish","type":"post","link":"https:\/\/edition-weissenburg.de\/blog\/?p=6210&lang=de","title":{"rendered":"227 Wieder gelesen: Von Wahrheit und Wissenschaft"},"content":{"rendered":"<p><strong>Blog Nr. 20<\/strong><\/p>\n<p>Ein sehr fr\u00fcher Aufsatz im Blog ist wieder angeklickt worden, dieses Mal sogar auf\u00a0<em>google search.be<\/em>\u00a0(Belgien): &#8220;Von Wahrheit und Wissenschaft\u201c. Er ist aktuell geblieben oder sogar noch aktueller geworden. Dass ich mich erkenntnistheoretisch im Lager des <span style=\"text-decoration: underline;\">Konstruktivismus<\/span> befinde, ist mir bekannt. Auch dass dieser nichts Neues verk\u00fcndet, ebenfalls. W\u00e4hrend ich mich ethisch und anthropologisch eher im Lager des Existenzialismus im Sinne von <strong>Albert Camus<\/strong> oder <strong>Blaise Pascal<\/strong> befinde.<\/p>\n<p>Wir alle stecken tief und fest im <span style=\"text-decoration: underline;\">subjektiven Idealismus<\/span>, wie er vor allem von <strong>Kant<\/strong> entwickelt (&#8220;konstruiert&#8221;?) worden ist. Ich gehe zwar nicht soweit wie sein Nachfolger <strong>Fichte<\/strong> zu behaupten, dass ohne das Ich auch keine Welt existieren k\u00f6nne: auch wenn ich tot bin, wird die Welt weiter existieren. Nur nicht mehr <em>meine<\/em> Welt. Aber dass die Erkenntnis der Wirklichkeit von unseren Sinnes- und Wahrnehmungsorganen <span style=\"text-decoration: underline;\">vorgefertigt<\/span>\u00a0(formatiert) wird, davon bin ich \u00fcberzeugt. Auch wenn ich mein Denken nicht biologistisch verk\u00fcrzen m\u00f6chte nur auf diesen einzigen Aspekt.<\/p>\n<p>Eine absolute, &#8220;wahre&#8221; und \u00fcberzeitlich g\u00fcltige Wirklichkeit l\u00e4sst sich tats\u00e4chlich nicht philosophisch &#8220;konstruieren&#8221;. Sie wird immer wieder und immer wieder auch anders von uns so unterschiedlichen Menschen erzeugt. Und alles, was wir dann dar\u00fcber berichten &#8211; wir sprechen damit letztlich auch \u00fcber uns selbst &#8211; sind <span style=\"text-decoration: underline;\">Erz\u00e4hlungen\u00a0<\/span>\u00a0im Sinne <strong>Lyotards,<\/strong> Geschichten; das hei\u00dft auch: <span style=\"text-decoration: underline;\">subjektive Interpretationen<\/span>. Selbst die Mathematiker erz\u00e4hlen nur Geschichten, auch wenn sie mir jetzt wohl heftig widersprechen w\u00fcrden (Hallo SG!). Auch die Platonischen Ideen sind nur Konstrukte des menschlichen Geistes (was sage ich \u201enur\u201c?). Ebenso die Weisheitsb\u00fccher der Menschheit, Bibel, Koran etc. &#8211; alles nur mehr oder weniger stimmige Konstrukte der Menschen-Ameisen, sich in dieser Welt, in die wir ohne unser Wissen und Wollen als kleinste Zelle nur hinein geworfen sind, ob wir es wollen oder nicht, zurecht zu finden (1).<\/p>\n<p>So sind wir gezwungen zu kommunizieren; anders als die Tiere, die Pflanzen, die Rhizome in der Erde und die Geisterwelt dar\u00fcber bis hin vielleicht zu den Sternen und Planeten, die ebenfalls in einer Abh\u00e4ngigkeit, in einem Kontakt zueinander stehen, den wir in unserem Ameisenstaat und mit unserem Denken, diesem Ameisen-Wissen niemals begreifen werden.<\/p>\n<p>Das grundlegende Problem dabei ist, dass es einfach viele, <span style=\"text-decoration: underline;\">zu viele Wahrheiten<\/span>, das sind auch <span style=\"text-decoration: underline;\">Wissenschaftsarten<\/span>, gibt! &#8211; Wahrheiten, die von Fall zu Fall zutreffen m\u00f6gen oder auch nicht. Die schmerzlichste davon trifft gegenw\u00e4rtig leider wieder einmal zu: Dass manche Wahrheiten nur an der <span style=\"text-decoration: underline;\">Gewalt der Gewehre<\/span> gemessen werden. Wer die Macht hat, besitzt die Wahrheit zum Durchsetzen seiner Ziele. Dass Kriegstreiber, das Volk verf\u00fchrende Demagogen, Blender \u00a0und autorit\u00e4re Diktatoren schalten und walten k\u00f6nnen, wie sie wollen &#8211; vollkommen ohne Selbstzweifel und Selbstkritik oder Angst. \u00a0Sonst k\u00f6nnten auch nicht so viele Menschen von ihnen unschuldig und aus fehlendem Wissen heraus in den vorzeitigen Tod getrieben werden. Auch und gerade, wenn selbstm\u00f6rderische Religionskriege w\u00fcten wie gegenw\u00e4rtig in vielen Teilen unserer Welt. &#8211; Wor\u00fcber sich dieses machtvolle All weiterhin ausbreitet mit seiner gleichf\u00f6rmigen Stille, dem r\u00e4tselhaften Schweigen \u00a0und einer allm\u00e4chtigen Arroganz.\u00a0Ein pl\u00f6tzlicher Fu\u00dftritt in diesen unseren Ameisenhaufen &#8211; und alles ist vorbei (<em>seufz<\/em>).<\/p>\n<hr \/>\n<p>1 Manche werden jetzt im theologischen Diskurs behaupten, diese Wahrheiten und Weisheiten seien von einer h\u00f6heren Macht dem menschlichen Geist quasi diktiert, <strong>Thomas von Aquin<\/strong> und die christliche Theologie sagen: &#8220;<span style=\"text-decoration: underline;\">geoffenbart<\/span>&#8221; worden. Und solche Offenbarungen k\u00f6nnten nicht mathematisch bewiesen, sondern vorl\u00e4ufig nur <span style=\"text-decoration: underline;\">geglaubt<\/span> werden. Zumal sie auch f\u00fcr \u00a0die noch unerforschte Zukunft hinein wahr und wirksam sein werden. Ebenso wie es auch in der Wissenschaftstheorie das naturwissenschaftliche &#8220;Erkl\u00e4ren&#8221; und das geisteswissenschaftliche &#8220;Verstehen&#8221; von Wahrheiten und Weisheiten geben kann.<\/p>\n<p>&nbsp;<\/p>\n<p>&nbsp;<\/p>\n<p>&nbsp;<\/p>\n<a class=\"synved-social-button synved-social-button-share synved-social-size-48 synved-social-resolution-single synved-social-provider-twitter nolightbox\" data-provider=\"twitter\" target=\"_blank\" rel=\"nofollow\" title=\"Share on Twitter\" href=\"https:\/\/twitter.com\/intent\/tweet?url=https%3A%2F%2Fedition-weissenburg.de%2Fblog&#038;text=Ein%20neuer%20Beitrag%20ist%20da%21%20\" style=\"font-size: 0px;width:48px;height:48px;margin:0;margin-bottom:5px;margin-right:5px\"><img loading=\"lazy\" decoding=\"async\" alt=\"twitter\" title=\"Share on Twitter\" class=\"synved-share-image synved-social-image synved-social-image-share\" width=\"48\" height=\"48\" style=\"display: inline;width:48px;height:48px;margin: 0;padding: 0;border: none;box-shadow: none\" src=\"https:\/\/i1.wp.com\/edition-weissenburg.de\/blog\/wp-content\/plugins\/social-media-feather\/synved-social\/image\/social\/regular\/96x96\/twitter.png?resize=48%2C48&#038;ssl=1\" data-recalc-dims=\"1\" \/><\/a><a class=\"synved-social-button synved-social-button-share synved-social-size-48 synved-social-resolution-single synved-social-provider-mail nolightbox\" data-provider=\"mail\" rel=\"nofollow\" title=\"Share by email\" href=\"mailto:?subject=227%20Wieder%20gelesen%3A%20Von%20Wahrheit%20und%20Wissenschaft&#038;body=Ein%20neuer%20Beitrag%20ist%20da%21%20:%20https%3A%2F%2Fedition-weissenburg.de%2Fblog\" style=\"font-size: 0px;width:48px;height:48px;margin:0;margin-bottom:5px\"><img loading=\"lazy\" decoding=\"async\" alt=\"mail\" title=\"Share by email\" class=\"synved-share-image synved-social-image synved-social-image-share\" width=\"48\" height=\"48\" style=\"display: inline;width:48px;height:48px;margin: 0;padding: 0;border: none;box-shadow: none\" src=\"https:\/\/i0.wp.com\/edition-weissenburg.de\/blog\/wp-content\/plugins\/social-media-feather\/synved-social\/image\/social\/regular\/96x96\/mail.png?resize=48%2C48&#038;ssl=1\" data-recalc-dims=\"1\" \/><\/a>","protected":false},"excerpt":{"rendered":"<p>Blog Nr. 20 Ein sehr fr\u00fcher Aufsatz im Blog ist wieder angeklickt worden, dieses Mal sogar auf\u00a0google search.be\u00a0(Belgien): &#8220;Von Wahrheit und Wissenschaft\u201c. Er ist aktuell geblieben oder sogar noch aktueller geworden. Dass ich mich erkenntnistheoretisch im Lager des Konstruktivismus befinde, ist mir bekannt. Auch dass dieser nichts Neues verk\u00fcndet, ebenfalls. W\u00e4hrend ich mich ethisch und anthropologisch eher im Lager des&#46;&#46;&#46;<\/p>\n","protected":false},"author":2,"featured_media":0,"comment_status":"open","ping_status":"open","sticky":false,"template":"","format":"standard","meta":{"spay_email":"","footnotes":""},"categories":[470,472],"tags":[1424,826,1272,500,598,526],"class_list":["post-6210","post","type-post","status-publish","format-standard","hentry","category-philosophie-de","category-religion-de","tag-ameisenstaat","tag-camus-de","tag-kant-de","tag-lyotard-de","tag-pascal-de","tag-thomas-von-aquin-de"],"jetpack_featured_media_url":"","jetpack_shortlink":"https:\/\/wp.me\/p4WFkG-1Ca","jetpack_sharing_enabled":true,"_links":{"self":[{"href":"https:\/\/edition-weissenburg.de\/blog\/index.php?rest_route=\/wp\/v2\/posts\/6210"}],"collection":[{"href":"https:\/\/edition-weissenburg.de\/blog\/index.php?rest_route=\/wp\/v2\/posts"}],"about":[{"href":"https:\/\/edition-weissenburg.de\/blog\/index.php?rest_route=\/wp\/v2\/types\/post"}],"author":[{"embeddable":true,"href":"https:\/\/edition-weissenburg.de\/blog\/index.php?rest_route=\/wp\/v2\/users\/2"}],"replies":[{"embeddable":true,"href":"https:\/\/edition-weissenburg.de\/blog\/index.php?rest_route=%2Fwp%2Fv2%2Fcomments&post=6210"}],"version-history":[{"count":11,"href":"https:\/\/edition-weissenburg.de\/blog\/index.php?rest_route=\/wp\/v2\/posts\/6210\/revisions"}],"predecessor-version":[{"id":6274,"href":"https:\/\/edition-weissenburg.de\/blog\/index.php?rest_route=\/wp\/v2\/posts\/6210\/revisions\/6274"}],"wp:attachment":[{"href":"https:\/\/edition-weissenburg.de\/blog\/index.php?rest_route=%2Fwp%2Fv2%2Fmedia&parent=6210"}],"wp:term":[{"taxonomy":"category","embeddable":true,"href":"https:\/\/edition-weissenburg.de\/blog\/index.php?rest_route=%2Fwp%2Fv2%2Fcategories&post=6210"},{"taxonomy":"post_tag","embeddable":true,"href":"https:\/\/edition-weissenburg.de\/blog\/index.php?rest_route=%2Fwp%2Fv2%2Ftags&post=6210"}],"curies":[{"name":"wp","href":"https:\/\/api.w.org\/{rel}","templated":true}]}}